{"id":38,"date":"2025-09-25T12:53:39","date_gmt":"2025-09-25T17:53:39","guid":{"rendered":"https:\/\/www.chuyasoncco.site\/es\/?p=38"},"modified":"2025-09-25T12:53:40","modified_gmt":"2025-09-25T17:53:40","slug":"historia-y-trayectoria","status":"publish","type":"post","link":"https:\/\/www.chuyasoncco.site\/es\/historia-y-trayectoria\/","title":{"rendered":"Historia y Trayectoria"},"content":{"rendered":"\n<p><strong>La Asociaci\u00f3n Civil CHUYA SONCCO<\/strong> fue fundada en el a\u00f1o <strong>2001<\/strong> con el prop\u00f3sito de contribuir al <strong>desarrollo humano y social de las comunidades en el Per\u00fa, <\/strong>integrando l<strong>a educaci\u00f3n, la cultura y el cuidado del medio ambiente<\/strong> como pilares fundamentales de su labor.<\/p>\n\n\n\n<p>Durante <strong>m\u00e1s de dos d\u00e9cadas,<\/strong> la Asociaci\u00f3n ha promovido<strong> valores \u00e9ticos, democr\u00e1ticos y de derechos humanos, <\/strong>desarrollando proyectos que fortalecen <strong>la educaci\u00f3n c\u00edvica, la equidad social y la sostenibilidad.<\/strong><\/p>\n\n\n\n<p>En su <strong>nueva etapa, CHUYA SONCCO ha ampliado su misi\u00f3n incorporando la salud digital, la inteligencia artificial y la innovaci\u00f3n tecnol\u00f3gica como ejes estrat\u00e9gicos, <\/strong>orientados a<strong> reducir las brechas en salud, educaci\u00f3n y acceso al conocimiento.<\/strong> Sus programas fomentan <strong>la alfabetizaci\u00f3n digital, la investigaci\u00f3n m\u00e9dica aplicada y la implementaci\u00f3n de soluciones tecnol\u00f3gicas<\/strong> inclusivas al servicio de las comunidades.<\/p>\n\n\n\n<p>A trav\u00e9s de <strong>alianzas estrat\u00e9gicas <\/strong>con<strong> instituciones p\u00fablicas, privadas, acad\u00e9micas y de la sociedad civil,<\/strong> la Asociaci\u00f3n se ha consolidado como un referente en <strong>la articulaci\u00f3n de esfuerzos entre cultura, innovaci\u00f3n y desarrollo humano,<\/strong> reafirmando su compromiso con la construcci\u00f3n de <strong>una sociedad m\u00e1s justa, inclusiva y sostenible.<\/strong><\/p>\n\n\n\n<p><\/p>\n","protected":false},"excerpt":{"rendered":"<p>La Asociaci\u00f3n Civil CHUYA SONCCO fue fundada en el a\u00f1o 2001 con el prop\u00f3sito de contribuir al desarrollo humano y social de las comunidades en el Per\u00fa, integrando la educaci\u00f3n,&hellip;<\/p>\n","protected":false},"author":1,"featured_media":0,"comment_status":"closed","ping_status":"closed","sticky":false,"template":"","format":"standard","meta":{"footnotes":""},"categories":[4],"tags":[],"class_list":["post-38","post","type-post","status-publish","format-standard","hentry","category-informacion-institucional"],"_links":{"self":[{"href":"https:\/\/www.chuyasoncco.site\/es\/wp-json\/wp\/v2\/posts\/38","targetHints":{"allow":["GET"]}}],"collection":[{"href":"https:\/\/www.chuyasoncco.site\/es\/wp-json\/wp\/v2\/posts"}],"about":[{"href":"https:\/\/www.chuyasoncco.site\/es\/wp-json\/wp\/v2\/types\/post"}],"author":[{"embeddable":true,"href":"https:\/\/www.chuyasoncco.site\/es\/wp-json\/wp\/v2\/users\/1"}],"replies":[{"embeddable":true,"href":"https:\/\/www.chuyasoncco.site\/es\/wp-json\/wp\/v2\/comments?post=38"}],"version-history":[{"count":1,"href":"https:\/\/www.chuyasoncco.site\/es\/wp-json\/wp\/v2\/posts\/38\/revisions"}],"predecessor-version":[{"id":39,"href":"https:\/\/www.chuyasoncco.site\/es\/wp-json\/wp\/v2\/posts\/38\/revisions\/39"}],"wp:attachment":[{"href":"https:\/\/www.chuyasoncco.site\/es\/wp-json\/wp\/v2\/media?parent=38"}],"wp:term":[{"taxonomy":"category","embeddable":true,"href":"https:\/\/www.chuyasoncco.site\/es\/wp-json\/wp\/v2\/categories?post=38"},{"taxonomy":"post_tag","embeddable":true,"href":"https:\/\/www.chuyasoncco.site\/es\/wp-json\/wp\/v2\/tags?post=38"}],"curies":[{"name":"wp","href":"https:\/\/api.w.org\/{rel}","templated":true}]}}