{"id":46,"date":"2025-09-25T13:06:27","date_gmt":"2025-09-25T18:06:27","guid":{"rendered":"https:\/\/www.chuyasoncco.site\/es\/?p=46"},"modified":"2025-09-25T13:06:28","modified_gmt":"2025-09-25T18:06:28","slug":"educacion-fortalecimiento-de-capacidades-e-inclusion-digital","status":"publish","type":"post","link":"https:\/\/www.chuyasoncco.site\/es\/educacion-fortalecimiento-de-capacidades-e-inclusion-digital\/","title":{"rendered":"Educaci\u00f3n, Fortalecimiento de Capacidades e Inclusi\u00f3n Digital"},"content":{"rendered":"\n<p>La <strong>educaci\u00f3n<\/strong> es la base del <strong>desarrollo sostenible<\/strong> y la <strong>transformaci\u00f3n social<\/strong>. En la <strong>era digital<\/strong>, debe ir m\u00e1s all\u00e1 del aprendizaje tradicional para garantizar que <strong>todas las personas<\/strong>, sin importar su origen o condici\u00f3n, tengan acceso a las <strong>habilidades y herramientas necesarias<\/strong> para prosperar en el siglo XXI.<\/p>\n\n\n\n<p><strong>CHUYA SONCCO<\/strong> est\u00e1 comprometida con promover una educaci\u00f3n <strong>inclusiva, innovadora y orientada al futuro<\/strong>, que cierre la <strong>brecha digital<\/strong> y empodere a las comunidades para dise\u00f1ar sus propios caminos hacia el progreso.<\/p>\n\n\n\n<p>Este eje estrat\u00e9gico se organiza en torno a tres dimensiones centrales:<\/p>\n\n\n\n<hr class=\"wp-block-separator has-alpha-channel-opacity\"\/>\n\n\n\n<h3 class=\"wp-block-heading\"><strong>1. Educaci\u00f3n Inclusiva y Accesible<\/strong><\/h3>\n\n\n\n<ul class=\"wp-block-list\">\n<li>Implementar <strong>plataformas de educaci\u00f3n digital<\/strong> que lleguen a poblaciones <strong>rurales y desatendidas<\/strong>.<\/li>\n\n\n\n<li>Garantizar la <strong>accesibilidad<\/strong> para estudiantes con <strong>discapacidades<\/strong> y grupos vulnerables, adaptando herramientas y contenidos a sus necesidades.<\/li>\n\n\n\n<li>Integrar la <strong>identidad cultural y la diversidad<\/strong> en los programas educativos, preservando el patrimonio al tiempo que se impulsa la innovaci\u00f3n.<\/li>\n<\/ul>\n\n\n\n<hr class=\"wp-block-separator has-alpha-channel-opacity\"\/>\n\n\n\n<h3 class=\"wp-block-heading\"><strong>2. Fortalecimiento de Capacidades para el Futuro<\/strong><\/h3>\n\n\n\n<ul class=\"wp-block-list\">\n<li>Brindar formaci\u00f3n en <strong>STEM, inteligencia artificial, programaci\u00f3n y alfabetizaci\u00f3n digital<\/strong>, preparando a j\u00f3venes y profesionales para los desaf\u00edos del ma\u00f1ana.<\/li>\n\n\n\n<li>Fortalecer habilidades en <strong>emprendimiento, innovaci\u00f3n y liderazgo<\/strong>, permitiendo que las comunidades dise\u00f1en sus propias soluciones.<\/li>\n\n\n\n<li>Promover <strong>espacios colaborativos<\/strong> como <strong>hubs de innovaci\u00f3n, aulas digitales y laboratorios comunitarios<\/strong>, donde el conocimiento sea co-creado.<\/li>\n<\/ul>\n\n\n\n<hr class=\"wp-block-separator has-alpha-channel-opacity\"\/>\n\n\n\n<h3 class=\"wp-block-heading\"><strong>3. Formaci\u00f3n Docente y Transformaci\u00f3n Acad\u00e9mica<\/strong><\/h3>\n\n\n\n<ul class=\"wp-block-list\">\n<li>Desarrollar programas para docentes en <strong>pedagog\u00eda digital, tecnolog\u00eda educativa y uso \u00e9tico de la IA<\/strong>.<\/li>\n\n\n\n<li>Fomentar la <strong>investigaci\u00f3n y la colaboraci\u00f3n<\/strong> con universidades e instituciones educativas para avanzar en <strong>metodolog\u00edas de vanguardia<\/strong>.<\/li>\n\n\n\n<li>Garantizar que valores como la <strong>equidad, la \u00e9tica y la empat\u00eda<\/strong> est\u00e9n en el centro de la educaci\u00f3n digital.<\/li>\n<\/ul>\n\n\n\n<hr class=\"wp-block-separator has-alpha-channel-opacity\"\/>\n\n\n\n<p>A trav\u00e9s de <strong>Educaci\u00f3n, Fortalecimiento de Capacidades e Inclusi\u00f3n Digital<\/strong>, <strong>CHUYA SONCCO<\/strong> reafirma su misi\u00f3n de construir una <strong>sociedad del conocimiento<\/strong>, donde la tecnolog\u00eda potencie el aprendizaje, promueva la equidad e inspire la innovaci\u00f3n para el <strong>desarrollo sostenible<\/strong>, contribuyendo a consolidar una sociedad <strong>m\u00e1s consciente, participativa y comprometida con el bien com\u00fan<\/strong>.<\/p>\n","protected":false},"excerpt":{"rendered":"<p>La educaci\u00f3n es la base del desarrollo sostenible y la transformaci\u00f3n social. En la era digital, debe ir m\u00e1s all\u00e1 del aprendizaje tradicional para garantizar que todas las personas, sin&hellip;<\/p>\n","protected":false},"author":1,"featured_media":0,"comment_status":"closed","ping_status":"closed","sticky":false,"template":"","format":"standard","meta":{"footnotes":""},"categories":[2],"tags":[],"class_list":["post-46","post","type-post","status-publish","format-standard","hentry","category-areas-de-trabajo"],"_links":{"self":[{"href":"https:\/\/www.chuyasoncco.site\/es\/wp-json\/wp\/v2\/posts\/46","targetHints":{"allow":["GET"]}}],"collection":[{"href":"https:\/\/www.chuyasoncco.site\/es\/wp-json\/wp\/v2\/posts"}],"about":[{"href":"https:\/\/www.chuyasoncco.site\/es\/wp-json\/wp\/v2\/types\/post"}],"author":[{"embeddable":true,"href":"https:\/\/www.chuyasoncco.site\/es\/wp-json\/wp\/v2\/users\/1"}],"replies":[{"embeddable":true,"href":"https:\/\/www.chuyasoncco.site\/es\/wp-json\/wp\/v2\/comments?post=46"}],"version-history":[{"count":1,"href":"https:\/\/www.chuyasoncco.site\/es\/wp-json\/wp\/v2\/posts\/46\/revisions"}],"predecessor-version":[{"id":47,"href":"https:\/\/www.chuyasoncco.site\/es\/wp-json\/wp\/v2\/posts\/46\/revisions\/47"}],"wp:attachment":[{"href":"https:\/\/www.chuyasoncco.site\/es\/wp-json\/wp\/v2\/media?parent=46"}],"wp:term":[{"taxonomy":"category","embeddable":true,"href":"https:\/\/www.chuyasoncco.site\/es\/wp-json\/wp\/v2\/categories?post=46"},{"taxonomy":"post_tag","embeddable":true,"href":"https:\/\/www.chuyasoncco.site\/es\/wp-json\/wp\/v2\/tags?post=46"}],"curies":[{"name":"wp","href":"https:\/\/api.w.org\/{rel}","templated":true}]}}