{"id":52,"date":"2025-09-25T13:13:38","date_gmt":"2025-09-25T18:13:38","guid":{"rendered":"https:\/\/www.chuyasoncco.site\/es\/?p=52"},"modified":"2025-09-25T13:14:36","modified_gmt":"2025-09-25T18:14:36","slug":"inclusion-etica-y-sociedad-digital","status":"publish","type":"post","link":"https:\/\/www.chuyasoncco.site\/es\/inclusion-etica-y-sociedad-digital\/","title":{"rendered":"Inclusi\u00f3n, \u00c9tica y Sociedad Digital"},"content":{"rendered":"\n<p>En la era del <strong>cambio tecnol\u00f3gico acelerado<\/strong>, la inclusi\u00f3n y la \u00e9tica deben permanecer en el centro de la transformaci\u00f3n digital. La <strong>Asociaci\u00f3n Civil CHUYA SONCCO<\/strong> busca garantizar que la tecnolog\u00eda no sea solo un instrumento de progreso, sino tambi\u00e9n un motor de <strong>equidad, transparencia y justicia social<\/strong>.<\/p>\n\n\n\n<p>Nuestra l\u00ednea de acci\u00f3n se desarrolla en <strong>tres dimensiones clave<\/strong>:<\/p>\n\n\n\n<hr class=\"wp-block-separator has-alpha-channel-opacity\"\/>\n\n\n\n<h3 class=\"wp-block-heading\"><strong>1. Inclusi\u00f3n Digital y Equidad<\/strong><\/h3>\n\n\n\n<ul class=\"wp-block-list\">\n<li>Reducir la <strong>brecha digital<\/strong> mediante el acceso a herramientas tecnol\u00f3gicas y conectividad en zonas rurales y comunidades desatendidas.<\/li>\n\n\n\n<li>Desarrollar <strong>programas de alfabetizaci\u00f3n digital inclusiva<\/strong>, adaptados a grupos vulnerables como mujeres, j\u00f3venes, personas mayores y comunidades ind\u00edgenas.<\/li>\n\n\n\n<li>Garantizar <strong>est\u00e1ndares de accesibilidad<\/strong> para que las plataformas digitales sean utilizables por personas con discapacidad.<\/li>\n<\/ul>\n\n\n\n<hr class=\"wp-block-separator has-alpha-channel-opacity\"\/>\n\n\n\n<h3 class=\"wp-block-heading\"><strong>2. \u00c9tica, Ciberseguridad y Gobernanza de Datos<\/strong><\/h3>\n\n\n\n<ul class=\"wp-block-list\">\n<li>Promover el <strong>uso \u00e9tico de la inteligencia artificial<\/strong> y tecnolog\u00edas emergentes, asegurando el respeto de los <strong>derechos humanos y la dignidad personal<\/strong>.<\/li>\n\n\n\n<li>Fortalecer las <strong>capacidades de ciberseguridad<\/strong> en organizaciones de la sociedad civil, instituciones locales y comunidades.<\/li>\n\n\n\n<li>Establecer <strong>directrices para la gesti\u00f3n responsable de datos<\/strong>, priorizando la transparencia, la privacidad y el consentimiento informado.<\/li>\n<\/ul>\n\n\n\n<hr class=\"wp-block-separator has-alpha-channel-opacity\"\/>\n\n\n\n<h3 class=\"wp-block-heading\"><strong>3. Participaci\u00f3n Ciudadana y Democracia Digital<\/strong><\/h3>\n\n\n\n<ul class=\"wp-block-list\">\n<li>Crear <strong>plataformas digitales transparentes<\/strong> que fomenten la participaci\u00f3n ciudadana en los procesos de toma de decisiones.<\/li>\n\n\n\n<li>Impulsar una cultura de <strong>gobierno abierto e innovaci\u00f3n c\u00edvica<\/strong>, donde la tecnolog\u00eda fortalezca la democracia y la rendici\u00f3n de cuentas.<\/li>\n\n\n\n<li>Promover el <strong>liderazgo juvenil<\/strong> en la construcci\u00f3n de una sociedad digital \u00e9tica, justa y centrada en las personas.<\/li>\n<\/ul>\n\n\n\n<hr class=\"wp-block-separator has-alpha-channel-opacity\"\/>\n\n\n\n<p>Con la <strong>inclusi\u00f3n digital<\/strong>, la <strong>protecci\u00f3n de los derechos fundamentales<\/strong> y la <strong>promoci\u00f3n de una gobernanza \u00e9tica de la tecnolog\u00eda<\/strong>, <strong>CHUYA SONCCO<\/strong> reafirma su compromiso con la construcci\u00f3n de una <strong>sociedad digital inclusiva, justa y orientada al bien com\u00fan<\/strong>.<\/p>\n","protected":false},"excerpt":{"rendered":"<p>En la era del cambio tecnol\u00f3gico acelerado, la inclusi\u00f3n y la \u00e9tica deben permanecer en el centro de la transformaci\u00f3n digital. La Asociaci\u00f3n Civil CHUYA SONCCO busca garantizar que la&hellip;<\/p>\n","protected":false},"author":1,"featured_media":0,"comment_status":"closed","ping_status":"closed","sticky":false,"template":"","format":"standard","meta":{"footnotes":""},"categories":[5],"tags":[],"class_list":["post-52","post","type-post","status-publish","format-standard","hentry","category-lineas-de-accion"],"_links":{"self":[{"href":"https:\/\/www.chuyasoncco.site\/es\/wp-json\/wp\/v2\/posts\/52","targetHints":{"allow":["GET"]}}],"collection":[{"href":"https:\/\/www.chuyasoncco.site\/es\/wp-json\/wp\/v2\/posts"}],"about":[{"href":"https:\/\/www.chuyasoncco.site\/es\/wp-json\/wp\/v2\/types\/post"}],"author":[{"embeddable":true,"href":"https:\/\/www.chuyasoncco.site\/es\/wp-json\/wp\/v2\/users\/1"}],"replies":[{"embeddable":true,"href":"https:\/\/www.chuyasoncco.site\/es\/wp-json\/wp\/v2\/comments?post=52"}],"version-history":[{"count":1,"href":"https:\/\/www.chuyasoncco.site\/es\/wp-json\/wp\/v2\/posts\/52\/revisions"}],"predecessor-version":[{"id":53,"href":"https:\/\/www.chuyasoncco.site\/es\/wp-json\/wp\/v2\/posts\/52\/revisions\/53"}],"wp:attachment":[{"href":"https:\/\/www.chuyasoncco.site\/es\/wp-json\/wp\/v2\/media?parent=52"}],"wp:term":[{"taxonomy":"category","embeddable":true,"href":"https:\/\/www.chuyasoncco.site\/es\/wp-json\/wp\/v2\/categories?post=52"},{"taxonomy":"post_tag","embeddable":true,"href":"https:\/\/www.chuyasoncco.site\/es\/wp-json\/wp\/v2\/tags?post=52"}],"curies":[{"name":"wp","href":"https:\/\/api.w.org\/{rel}","templated":true}]}}