{"id":67,"date":"2025-09-25T13:43:28","date_gmt":"2025-09-25T18:43:28","guid":{"rendered":"https:\/\/www.chuyasoncco.site\/es\/?p=67"},"modified":"2025-09-25T13:43:29","modified_gmt":"2025-09-25T18:43:29","slug":"profesionales-de-la-salud-y-la-educacion","status":"publish","type":"post","link":"https:\/\/www.chuyasoncco.site\/es\/profesionales-de-la-salud-y-la-educacion\/","title":{"rendered":"Profesionales de la Salud y la Educaci\u00f3n"},"content":{"rendered":"\n<p><strong>CHUYA SONCCO apoya a m\u00e9dicos, enfermeras, docentes, investigadores y l\u00edderes acad\u00e9micos brind\u00e1ndoles acceso a herramientas, conocimientos y redes que fortalecen su pr\u00e1ctica profesional en la era digital.<\/strong><\/p>\n\n\n\n<p><strong>Promovemos:<\/strong><\/p>\n\n\n\n<ul class=\"wp-block-list\">\n<li><strong>Programas de fortalecimiento de capacidades<\/strong> en \u00e1reas como salud digital, tecnolog\u00edas biom\u00e9dicas, inteligencia artificial y pedagog\u00eda digital.<\/li>\n\n\n\n<li><strong>Redes de investigaci\u00f3n interdisciplinarias<\/strong> que conectan a profesionales de la salud y la educaci\u00f3n con innovadores, tecn\u00f3logos y responsables de pol\u00edticas p\u00fablicas.<\/li>\n\n\n\n<li><strong>Oportunidades de formaci\u00f3n continua<\/strong> para que los profesionales se mantengan a la vanguardia de las tendencias emergentes en medicina, tecnolog\u00eda y educaci\u00f3n.<\/li>\n\n\n\n<li><strong>Enfoques \u00e9ticos y centrados en lo humano<\/strong>, que aseguren que el uso de la tecnolog\u00eda en salud y educaci\u00f3n sea inclusivo, transparente y sostenible.<\/li>\n\n\n\n<li><strong>Plataformas de colaboraci\u00f3n<\/strong> donde los profesionales puedan intercambiar experiencias, co-crear soluciones y contribuir al bienestar comunitario.<\/li>\n<\/ul>\n\n\n\n<p>A trav\u00e9s de estas iniciativas, <strong>CHUYA SONCCO contribuye al desarrollo de profesionales altamente capacitados y preparados para el futuro<\/strong>, capaces de impulsar cambios positivos en sus comunidades y m\u00e1s all\u00e1.<\/p>\n","protected":false},"excerpt":{"rendered":"<p>CHUYA SONCCO apoya a m\u00e9dicos, enfermeras, docentes, investigadores y l\u00edderes acad\u00e9micos brind\u00e1ndoles acceso a herramientas, conocimientos y redes que fortalecen su pr\u00e1ctica profesional en la era digital. Promovemos: A trav\u00e9s&hellip;<\/p>\n","protected":false},"author":1,"featured_media":0,"comment_status":"closed","ping_status":"closed","sticky":false,"template":"","format":"standard","meta":{"footnotes":""},"categories":[3],"tags":[],"class_list":["post-67","post","type-post","status-publish","format-standard","hentry","category-beneficiarios-y-publico-objetivo"],"_links":{"self":[{"href":"https:\/\/www.chuyasoncco.site\/es\/wp-json\/wp\/v2\/posts\/67","targetHints":{"allow":["GET"]}}],"collection":[{"href":"https:\/\/www.chuyasoncco.site\/es\/wp-json\/wp\/v2\/posts"}],"about":[{"href":"https:\/\/www.chuyasoncco.site\/es\/wp-json\/wp\/v2\/types\/post"}],"author":[{"embeddable":true,"href":"https:\/\/www.chuyasoncco.site\/es\/wp-json\/wp\/v2\/users\/1"}],"replies":[{"embeddable":true,"href":"https:\/\/www.chuyasoncco.site\/es\/wp-json\/wp\/v2\/comments?post=67"}],"version-history":[{"count":1,"href":"https:\/\/www.chuyasoncco.site\/es\/wp-json\/wp\/v2\/posts\/67\/revisions"}],"predecessor-version":[{"id":68,"href":"https:\/\/www.chuyasoncco.site\/es\/wp-json\/wp\/v2\/posts\/67\/revisions\/68"}],"wp:attachment":[{"href":"https:\/\/www.chuyasoncco.site\/es\/wp-json\/wp\/v2\/media?parent=67"}],"wp:term":[{"taxonomy":"category","embeddable":true,"href":"https:\/\/www.chuyasoncco.site\/es\/wp-json\/wp\/v2\/categories?post=67"},{"taxonomy":"post_tag","embeddable":true,"href":"https:\/\/www.chuyasoncco.site\/es\/wp-json\/wp\/v2\/tags?post=67"}],"curies":[{"name":"wp","href":"https:\/\/api.w.org\/{rel}","templated":true}]}}