{"id":69,"date":"2025-09-25T13:46:19","date_gmt":"2025-09-25T18:46:19","guid":{"rendered":"https:\/\/www.chuyasoncco.site\/es\/?p=69"},"modified":"2025-09-25T13:46:19","modified_gmt":"2025-09-25T18:46:19","slug":"jovenes-y-estudiantes","status":"publish","type":"post","link":"https:\/\/www.chuyasoncco.site\/es\/jovenes-y-estudiantes\/","title":{"rendered":"J\u00f3venes y Estudiantes"},"content":{"rendered":"\n<p><strong>CHUYA SONCCO<\/strong> invierte en el potencial de los j\u00f3venes y estudiantes como la fuerza impulsora de la innovaci\u00f3n, la transformaci\u00f3n social y el desarrollo sostenible. Creemos que empoderar a la juventud con conocimientos y herramientas es esencial para construir el futuro.<\/p>\n\n\n\n<h2 class=\"wp-block-heading\">Promovemos:<\/h2>\n\n\n\n<ul class=\"wp-block-list\">\n<li><strong>Formaci\u00f3n en STEM y habilidades digitales<\/strong>, incluyendo inteligencia artificial, programaci\u00f3n, rob\u00f3tica y ciencia de datos.<\/li>\n\n\n\n<li><strong>Programas de emprendimiento e innovaci\u00f3n<\/strong> que alientan a los estudiantes a desarrollar proyectos tecnol\u00f3gicos y de impacto social.<\/li>\n\n\n\n<li><strong>Oportunidades de mentor\u00eda y liderazgo<\/strong>, conectando a los j\u00f3venes con profesionales, investigadores e innovadores de diferentes campos.<\/li>\n\n\n\n<li><strong>Iniciativas de educaci\u00f3n inclusiva<\/strong> para cerrar la brecha digital y garantizar igualdad de oportunidades a estudiantes en \u00e1reas rurales y urbanas.<\/li>\n\n\n\n<li><strong>Programas de intercambio y redes globales<\/strong>, que permiten a los j\u00f3venes colaborar internacionalmente y convertirse en agentes activos de cambio.<\/li>\n<\/ul>\n\n\n\n<p><strong>A trav\u00e9s de estas iniciativas, CHUYA SONCCO busca formar una nueva generaci\u00f3n de pensadores cr\u00edticos, innovadores y l\u00edderes, preparados para responder a los desaf\u00edos del siglo XXI con creatividad, \u00e9tica y responsabilidad social.<\/strong><\/p>\n","protected":false},"excerpt":{"rendered":"<p>CHUYA SONCCO invierte en el potencial de los j\u00f3venes y estudiantes como la fuerza impulsora de la innovaci\u00f3n, la transformaci\u00f3n social y el desarrollo sostenible. Creemos que empoderar a la&hellip;<\/p>\n","protected":false},"author":1,"featured_media":0,"comment_status":"closed","ping_status":"closed","sticky":false,"template":"","format":"standard","meta":{"footnotes":""},"categories":[3],"tags":[],"class_list":["post-69","post","type-post","status-publish","format-standard","hentry","category-beneficiarios-y-publico-objetivo"],"_links":{"self":[{"href":"https:\/\/www.chuyasoncco.site\/es\/wp-json\/wp\/v2\/posts\/69","targetHints":{"allow":["GET"]}}],"collection":[{"href":"https:\/\/www.chuyasoncco.site\/es\/wp-json\/wp\/v2\/posts"}],"about":[{"href":"https:\/\/www.chuyasoncco.site\/es\/wp-json\/wp\/v2\/types\/post"}],"author":[{"embeddable":true,"href":"https:\/\/www.chuyasoncco.site\/es\/wp-json\/wp\/v2\/users\/1"}],"replies":[{"embeddable":true,"href":"https:\/\/www.chuyasoncco.site\/es\/wp-json\/wp\/v2\/comments?post=69"}],"version-history":[{"count":1,"href":"https:\/\/www.chuyasoncco.site\/es\/wp-json\/wp\/v2\/posts\/69\/revisions"}],"predecessor-version":[{"id":70,"href":"https:\/\/www.chuyasoncco.site\/es\/wp-json\/wp\/v2\/posts\/69\/revisions\/70"}],"wp:attachment":[{"href":"https:\/\/www.chuyasoncco.site\/es\/wp-json\/wp\/v2\/media?parent=69"}],"wp:term":[{"taxonomy":"category","embeddable":true,"href":"https:\/\/www.chuyasoncco.site\/es\/wp-json\/wp\/v2\/categories?post=69"},{"taxonomy":"post_tag","embeddable":true,"href":"https:\/\/www.chuyasoncco.site\/es\/wp-json\/wp\/v2\/tags?post=69"}],"curies":[{"name":"wp","href":"https:\/\/api.w.org\/{rel}","templated":true}]}}